{"id":6019,"date":"2025-11-15T16:22:54","date_gmt":"2025-11-15T15:22:54","guid":{"rendered":"https:\/\/situacioncritica.es\/blog\/?p=6019"},"modified":"2025-11-15T16:34:10","modified_gmt":"2025-11-15T15:34:10","slug":"jovenes-chinos-frugales","status":"publish","type":"post","link":"https:\/\/situacioncritica.es\/blog\/jovenes-chinos-frugales\/","title":{"rendered":"J\u00f3venes chinos frugales"},"content":{"rendered":"\n<div class=\"wp-block-group is-style-default has-light-background-background-color has-background\"><div class=\"wp-block-group__inner-container is-layout-constrained wp-block-group-is-layout-constrained\">\n<p><strong>Frugal<\/strong>. Del&nbsp;lat.&nbsp;<em>frug\u0101lis.<\/em><\/p>\n\n\n\n<ol class=\"wp-block-list\">\n<li>adj. Parco en comer y beber.<\/li>\n\n\n\n<li>adj. Dicho de una cosa: Propia de una persona frugal. <em>Vida, almuerzo frugal.<\/em><\/li>\n<\/ol>\n<\/div><\/div>\n\n\n\n<p>En julio de 2025, la <a href=\"https:\/\/www.aporrea.org\/actualidad\/n408672.html\" target=\"_blank\" rel=\"noreferrer noopener\">tasa de desempleo juvenil en China alcanz\u00f3 el 17,8%<\/a>, la m\u00e1s alta en 11 meses. En 2023 el <a href=\"https:\/\/www.france24.com\/es\/programas\/econom\u00eda\/20250520-el-desempleo-juvenil-en-china-baja-pero-triplica-la-tasa-nacional\" target=\"_blank\" rel=\"noreferrer noopener\">desempleo juvenil lleg\u00f3 a un r\u00e9cord del 21,3% en junio<\/a> lo que llev\u00f3 a las autoridades a suspender temporalmente la publicaci\u00f3n de estos datos y a cambiar la metodolog\u00eda de c\u00e1lculo.<\/p>\n\n\n\n<figure class=\"wp-block-pullquote alignleft\"><blockquote><p>En China el consumo apenas alcanza el <strong>39% del PIB<\/strong>, frente al 60% de otras econom\u00edas.<\/p><\/blockquote><\/figure>\n\n\n\n<p>Con este nivel de desempleo juvenil, que <strong>lleva cerca del 20% desde hace tiempo<\/strong>, un alto porcentaje de <strong>graduados universitarios<\/strong>, incluso con m\u00e1steres, <strong>aceptan trabajos como repartidores<\/strong>, seg\u00fan <a href=\"https:\/\/www.bbc.com\/mundo\/articles\/c364dwer0yxo\" target=\"_blank\" rel=\"noreferrer noopener\">dos grandes empresas de reclutamiento en Pek\u00edn<\/a>. <strong>Esta realidad tambi\u00e9n genera que muchos j\u00f3venes urbanos con empleo vivan con el temor constante de quedarse sin trabajo<\/strong>.<\/p>\n\n\n\n<p>Un desempleo juvenil tan elevado no solo genera incertidumbre, sino que tambi\u00e9n permite a <strong>las empresas en apuros recortar salarios<\/strong>, por lo que los j\u00f3venes se ven presionados a conformarse con remuneraciones m\u00e1s bajas o a competir en un entorno laboral cada vez m\u00e1s exigente y saturado.<\/p>\n\n\n\n<p><strong>Esto se suma a la crisis inmobiliaria<\/strong>, que parece no remitir, y que mantiene a los j\u00f3venes chinos en casa de sus padres, con pocas expectativas de poseer una vivienda propia en las grandes ciudades.<\/p>\n\n\n\n<figure class=\"wp-block-pullquote alignwide\"><blockquote><p>Hay un desajuste entre las cualificaciones con las que la gente termina la educaci\u00f3n superior y la demanda laboral existente (&#8230;) La tecnolog\u00eda no es realmente un sector que requiera mucha mano de obra.<\/p><cite>George Magnus, investigador asociado del Centro de Estudios Chinos de la Universidad de Oxford<\/cite><\/blockquote><\/figure>\n\n\n\n<p>Si, hist\u00f3ricamente, la mentalidad del pueblo chino ha sido siempre ahorrativa, ante la incertidumbre actual, <strong>cada vez m\u00e1s personas optan por guardar sus ingresos en vez de consumir<\/strong>, y esta actitud de precauci\u00f3n se acent\u00faa cuando prev\u00e9n que la situaci\u00f3n econ\u00f3mica podr\u00eda empeorar.<\/p>\n\n\n\n<p>Por eso, <strong>en las redes sociales chinas abundan los consejos y trucos para estirar el dinero al m\u00e1ximo<\/strong>. Ahora, llevar un estilo de vida austero y gastar solo lo esencial se ha convertido en una tendencia.<\/p>\n\n\n\n<h4 class=\"wp-block-heading alignwide has-light-background-background-color has-background\" style=\"font-style:normal;font-weight:100\">Los j\u00f3venes profesionales chinos enfrentan el desaf\u00edo de que su pa\u00eds est\u00e1 en medio de un complejo cambio: <strong>dejar atr\u00e1s su modelo tradicional de fabricaci\u00f3n a gran escala y bajo costo para convertirse en una econom\u00eda basada en la innovaci\u00f3n y la tecnolog\u00eda avanzada<\/strong>. Sin embargo, este nuevo enfoque industrial suele demandar menos mano de obra, lo que limita las oportunidades para los reci\u00e9n graduados. De ah\u00ed que los j\u00f3venes sean reacios a gastar y hayan disminuido su consumo.<\/h4>\n\n\n\n<p>Esta situaci\u00f3n resulta particularmente cr\u00edtica para China, que basa gran parte de su crecimiento en fuertes inversiones en sectores clave y en las exportaciones, una estrategia que se vuelve especialmente vulnerable en el <strong>actual contexto de alta tensi\u00f3n e inestabilidad geopol\u00edtica<\/strong> (Trump, Israel, Ucrania&#8230;). Sin un consumo interno fuerte, su dependencia de las exportaciones no baja, aunque su posici\u00f3n como \u00abfabrica del mundo\u00bb se tambalea desde la pandemia.<\/p>\n\n\n\n<figure class=\"wp-block-pullquote alignleft\"><blockquote><p>Los chinos han sido tradicionalmente ahorradores, lo que no sienta bien al consumo.<\/p><\/blockquote><\/figure>\n\n\n\n<p>Pese a que el gobierno chino lleva a\u00f1os implementando pol\u00edticas para fomentar el consumo interno, los resultados no han logrado el impacto esperado. <strong>El consumo privado sigue siendo bajo<\/strong>: apenas alcanza cerca del 39% del PIB, una cifra muy por debajo del 60% que registran la mayor\u00eda de las econom\u00edas avanzadas.<\/p>\n\n\n\n<p>Desempleo juvenil, crisis inmobiliaria, cambio de modelo productivo, sueldos que bajan, gran oferta de&nbsp; trabajadores altamente cualificados: un c\u00f3ctel explosivo que ha llevado a los j\u00f3venes a controlar su consumo, lo que a su vez hace aflorar el <strong>riesgo de deflaci\u00f3n.<\/strong><\/p>\n\n\n\n<p>Los j\u00f3venes chinos <strong>tienden a retrasar sus compras importantes a la espera de que los precios bajen<\/strong>. Sin embargo, esta espera prolongada puede generar un c\u00edrculo vicioso: las empresas, al ver menos demanda, terminan reduciendo los precios, lo que a su vez incentiva a la gente a seguir esperando para obtener un mejor precio, <strong>perpetuando as\u00ed la ca\u00edda del consumo.<\/strong><\/p>\n\n\n\n<figure class=\"wp-block-pullquote alignright\"><blockquote><p>Ser frugal (vivir con lo m\u00ednimo) est\u00e1 de moda.<\/p><\/blockquote><\/figure>\n\n\n\n<p>Esto supone una mayor presi\u00f3n para un sistema, que ya de por s\u00ed afronta un consumo menor de lo deseado, ya que al bajar los precios, los costes de fabricaci\u00f3n se vuelven insostenibles y las empresas deben cerrar, lo que, a su vez, supone menores puestos de trabajo disponibles para los que se incorporan a la vida laboral.<\/p>\n\n\n\n<p>Para revertir esta tendencia, <strong>ser\u00eda clave generar mayor confianza en los j\u00f3venes<\/strong> de 20 a 30 a\u00f1os, por ejemplo, <strong>fortaleciendo la protecci\u00f3n social o elevando el salario m\u00ednimo<\/strong>. Aunque el gobierno chino ha probado algunas iniciativas, como subsidios para renovar veh\u00edculos, electrodom\u00e9sticos y otros bienes, hasta ahora estas acciones no han logrado reactivar el consumo de manera sustancial.<\/p>\n\n\n\n<h2 class=\"wp-block-heading\">Por ahora, ser frugal en China, est\u00e1 de moda. <\/h2>\n","protected":false},"excerpt":{"rendered":"<p>El alto desempleo juvenil en China, sumado a la crisis inmobiliaria, genera incertidumbre y fomenta el ahorro sobre el consumo. Esta tendencia se refleja en las redes sociales, donde proliferan estrategias para vivir con un presupuesto ajustado.<\/p>\n","protected":false},"author":1,"featured_media":6020,"comment_status":"closed","ping_status":"closed","sticky":false,"template":"","format":"standard","meta":{"_seopress_robots_primary_cat":"","_seopress_titles_title":" J\u00f3venes chinos ahorradores","_seopress_titles_desc":"El alto desempleo juvenil en China, sumado a la crisis inmobiliaria, genera incertidumbre y fomenta el ahorro sobre el consumo. Esta tendencia se refleja en las redes sociales, donde proliferan estrategias para vivir con un presupuesto ajustado.","_seopress_robots_index":"","jetpack_post_was_ever_published":false,"_jetpack_newsletter_access":"","_jetpack_dont_email_post_to_subs":false,"_jetpack_newsletter_tier_id":0,"_jetpack_memberships_contains_paywalled_content":false,"_jetpack_memberships_contains_paid_content":false,"footnotes":""},"categories":[103,7,14],"tags":[612,616,913,912,696],"class_list":["post-6019","post","type-post","status-publish","format-standard","has-post-thumbnail","hentry","category-economia","category-sociedad","category-tecnologia","tag-china","tag-consumo","tag-crisis-inmobililaria","tag-deflacion","tag-jovenes-2"],"jetpack_featured_media_url":"https:\/\/situacioncritica.es\/blog\/wp-content\/uploads\/2025\/11\/asiantico_supermercado.jpg","jetpack-related-posts":[{"id":4431,"url":"https:\/\/situacioncritica.es\/blog\/ha-caido-china-en-su-propia-trampa\/","url_meta":{"origin":6019,"position":0},"title":"\u00bfHa ca\u00eddo China en su propia trampa?","author":"Sethbastian","date":"14 de abril de 2022","format":false,"excerpt":"China se enfrenta a la vez a varias crisis: el r\u00e1pido envejecimiento de la poblaci\u00f3n, la enorme brecha en la redistribuci\u00f3n de la riqueza, la corrupci\u00f3n end\u00e9mica, los desequilibrios econ\u00f3micos estructurales, la burbuja inmobiliaria, la degradaci\u00f3n ambiental, el COVID al alza, su posici\u00f3n en la guerra de Putin y la\u2026","rel":"","context":"En \u00abEconom\u00eda\u00bb","block_context":{"text":"Econom\u00eda","link":"https:\/\/situacioncritica.es\/blog\/economia\/"},"img":{"alt_text":"","src":"https:\/\/i0.wp.com\/situacioncritica.es\/blog\/wp-content\/uploads\/2022\/04\/18092016-IMG_2933.jpg?resize=350%2C200&ssl=1","width":350,"height":200,"srcset":"https:\/\/i0.wp.com\/situacioncritica.es\/blog\/wp-content\/uploads\/2022\/04\/18092016-IMG_2933.jpg?resize=350%2C200&ssl=1 1x, https:\/\/i0.wp.com\/situacioncritica.es\/blog\/wp-content\/uploads\/2022\/04\/18092016-IMG_2933.jpg?resize=525%2C300&ssl=1 1.5x, https:\/\/i0.wp.com\/situacioncritica.es\/blog\/wp-content\/uploads\/2022\/04\/18092016-IMG_2933.jpg?resize=700%2C400&ssl=1 2x, https:\/\/i0.wp.com\/situacioncritica.es\/blog\/wp-content\/uploads\/2022\/04\/18092016-IMG_2933.jpg?resize=1050%2C600&ssl=1 3x"},"classes":[]},{"id":523,"url":"https:\/\/situacioncritica.es\/blog\/fatuo\/","url_meta":{"origin":6019,"position":1},"title":"Fatuo","author":"Sethbastian","date":"5 de abril de 2009","format":false,"excerpt":"fatuo, tua. (Del lat. fat\u016dus). 1. adj. Falto de raz\u00f3n o de entendimiento. U. t. c. s. 2. adj. Lleno de presunci\u00f3n o vanidad infundada y rid\u00edcula. U. t. c. s.","rel":"","context":"En \u00abCreatividad\u00bb","block_context":{"text":"Creatividad","link":"https:\/\/situacioncritica.es\/blog\/creatividad\/"},"img":{"alt_text":"","src":"https:\/\/i0.wp.com\/situacioncritica.es\/blog\/wp-content\/uploads\/2009\/04\/Tulilautta3.jpg?resize=350%2C200&ssl=1","width":350,"height":200,"srcset":"https:\/\/i0.wp.com\/situacioncritica.es\/blog\/wp-content\/uploads\/2009\/04\/Tulilautta3.jpg?resize=350%2C200&ssl=1 1x, https:\/\/i0.wp.com\/situacioncritica.es\/blog\/wp-content\/uploads\/2009\/04\/Tulilautta3.jpg?resize=525%2C300&ssl=1 1.5x, https:\/\/i0.wp.com\/situacioncritica.es\/blog\/wp-content\/uploads\/2009\/04\/Tulilautta3.jpg?resize=700%2C400&ssl=1 2x, https:\/\/i0.wp.com\/situacioncritica.es\/blog\/wp-content\/uploads\/2009\/04\/Tulilautta3.jpg?resize=1050%2C600&ssl=1 3x"},"classes":[]},{"id":4786,"url":"https:\/\/situacioncritica.es\/blog\/la-amistad-sin-limites-en-realidad-si-los-tiene\/","url_meta":{"origin":6019,"position":2},"title":"La amistad sin l\u00edmites, en realidad s\u00ed los tiene","author":"Sethbastian","date":"29 de enero de 2023","format":false,"excerpt":"En este blog hemos se\u00f1alado en repetidas ocasiones el pragmatismo por el que los diferentes dirigentes chinos se han guiado las \u00faltimas d\u00e9cadas. Un nuevo ejemplo de ese pragmatismo lo vemos es el \"enfriamiento\" de las relaciones chino-rusas y el fin de la pol\u00edtica Zero-COVID.","rel":"","context":"En \u00abSociedad\u00bb","block_context":{"text":"Sociedad","link":"https:\/\/situacioncritica.es\/blog\/sociedad\/"},"img":{"alt_text":"","src":"https:\/\/i0.wp.com\/situacioncritica.es\/blog\/wp-content\/uploads\/2023\/01\/geoffroy-hauwen.jpg?resize=350%2C200&ssl=1","width":350,"height":200,"srcset":"https:\/\/i0.wp.com\/situacioncritica.es\/blog\/wp-content\/uploads\/2023\/01\/geoffroy-hauwen.jpg?resize=350%2C200&ssl=1 1x, https:\/\/i0.wp.com\/situacioncritica.es\/blog\/wp-content\/uploads\/2023\/01\/geoffroy-hauwen.jpg?resize=525%2C300&ssl=1 1.5x, https:\/\/i0.wp.com\/situacioncritica.es\/blog\/wp-content\/uploads\/2023\/01\/geoffroy-hauwen.jpg?resize=700%2C400&ssl=1 2x, https:\/\/i0.wp.com\/situacioncritica.es\/blog\/wp-content\/uploads\/2023\/01\/geoffroy-hauwen.jpg?resize=1050%2C600&ssl=1 3x, https:\/\/i0.wp.com\/situacioncritica.es\/blog\/wp-content\/uploads\/2023\/01\/geoffroy-hauwen.jpg?resize=1400%2C800&ssl=1 4x"},"classes":[]},{"id":4564,"url":"https:\/\/situacioncritica.es\/blog\/origenes-china-versus-occidente\/","url_meta":{"origin":6019,"position":3},"title":"Or\u00edgenes de la animadversi\u00f3n de China hacia Occidente","author":"Sethbastian","date":"6 de mayo de 2022","format":false,"excerpt":"El famoso t\u00e9rmino en China \"Un Siglo de Humillaci\u00f3n\" se refiere al doloroso periodo hist\u00f3rico, que abarca desde 1839 hasta 1949, en el que el pa\u00eds fue derrotado y sometido por potencias extranjeras.","rel":"","context":"En \u00abSociedad\u00bb","block_context":{"text":"Sociedad","link":"https:\/\/situacioncritica.es\/blog\/sociedad\/"},"img":{"alt_text":"","src":"https:\/\/i0.wp.com\/situacioncritica.es\/blog\/wp-content\/uploads\/2022\/05\/china-imperialismo.jpg?resize=350%2C200&ssl=1","width":350,"height":200,"srcset":"https:\/\/i0.wp.com\/situacioncritica.es\/blog\/wp-content\/uploads\/2022\/05\/china-imperialismo.jpg?resize=350%2C200&ssl=1 1x, https:\/\/i0.wp.com\/situacioncritica.es\/blog\/wp-content\/uploads\/2022\/05\/china-imperialismo.jpg?resize=525%2C300&ssl=1 1.5x, https:\/\/i0.wp.com\/situacioncritica.es\/blog\/wp-content\/uploads\/2022\/05\/china-imperialismo.jpg?resize=700%2C400&ssl=1 2x, https:\/\/i0.wp.com\/situacioncritica.es\/blog\/wp-content\/uploads\/2022\/05\/china-imperialismo.jpg?resize=1050%2C600&ssl=1 3x"},"classes":[]},{"id":3710,"url":"https:\/\/situacioncritica.es\/blog\/el-gigante-despierto\/","url_meta":{"origin":6019,"position":4},"title":"El gigante despierto","author":"Sethbastian","date":"17 de mayo de 2020","format":false,"excerpt":"Cuando la fabrica del mundo se dej\u00f3 de sutilezas. Una nueva diplomacia se cuece en China.","rel":"","context":"En \u00abSociedad\u00bb","block_context":{"text":"Sociedad","link":"https:\/\/situacioncritica.es\/blog\/sociedad\/"},"img":{"alt_text":"","src":"https:\/\/i0.wp.com\/situacioncritica.es\/blog\/wp-content\/uploads\/2020\/05\/elgigantedespierto.jpg?resize=350%2C200&ssl=1","width":350,"height":200,"srcset":"https:\/\/i0.wp.com\/situacioncritica.es\/blog\/wp-content\/uploads\/2020\/05\/elgigantedespierto.jpg?resize=350%2C200&ssl=1 1x, https:\/\/i0.wp.com\/situacioncritica.es\/blog\/wp-content\/uploads\/2020\/05\/elgigantedespierto.jpg?resize=525%2C300&ssl=1 1.5x, https:\/\/i0.wp.com\/situacioncritica.es\/blog\/wp-content\/uploads\/2020\/05\/elgigantedespierto.jpg?resize=700%2C400&ssl=1 2x"},"classes":[]},{"id":4899,"url":"https:\/\/situacioncritica.es\/blog\/geopolitica-y-chips\/","url_meta":{"origin":6019,"position":5},"title":"Geopol\u00edtica y Chips: la nueva cortina de hierro que dividir\u00e1 el mundo","author":"Sethbastian","date":"4 de mayo de 2023","format":false,"excerpt":"Si hay un sector que representa la globalizaci\u00f3n es el de los chips, donde diversas naciones se necesitan unas a otras para que estos puedan llegar a los consumidores. Pero la dependencia hacia los mismos, unida a su creciente complejidad, est\u00e1 asustando a los pa\u00edses, que abogan por una autosuficiencia\u2026","rel":"","context":"En \u00abSociedad\u00bb","block_context":{"text":"Sociedad","link":"https:\/\/situacioncritica.es\/blog\/sociedad\/"},"img":{"alt_text":"","src":"https:\/\/i0.wp.com\/situacioncritica.es\/blog\/wp-content\/uploads\/2023\/05\/maxence-pira-6PYPTe9fesI.jpg?resize=350%2C200&ssl=1","width":350,"height":200,"srcset":"https:\/\/i0.wp.com\/situacioncritica.es\/blog\/wp-content\/uploads\/2023\/05\/maxence-pira-6PYPTe9fesI.jpg?resize=350%2C200&ssl=1 1x, https:\/\/i0.wp.com\/situacioncritica.es\/blog\/wp-content\/uploads\/2023\/05\/maxence-pira-6PYPTe9fesI.jpg?resize=525%2C300&ssl=1 1.5x, https:\/\/i0.wp.com\/situacioncritica.es\/blog\/wp-content\/uploads\/2023\/05\/maxence-pira-6PYPTe9fesI.jpg?resize=700%2C400&ssl=1 2x, https:\/\/i0.wp.com\/situacioncritica.es\/blog\/wp-content\/uploads\/2023\/05\/maxence-pira-6PYPTe9fesI.jpg?resize=1050%2C600&ssl=1 3x, https:\/\/i0.wp.com\/situacioncritica.es\/blog\/wp-content\/uploads\/2023\/05\/maxence-pira-6PYPTe9fesI.jpg?resize=1400%2C800&ssl=1 4x"},"classes":[]}],"jetpack_sharing_enabled":true,"_links":{"self":[{"href":"https:\/\/situacioncritica.es\/blog\/wp-json\/wp\/v2\/posts\/6019","targetHints":{"allow":["GET"]}}],"collection":[{"href":"https:\/\/situacioncritica.es\/blog\/wp-json\/wp\/v2\/posts"}],"about":[{"href":"https:\/\/situacioncritica.es\/blog\/wp-json\/wp\/v2\/types\/post"}],"author":[{"embeddable":true,"href":"https:\/\/situacioncritica.es\/blog\/wp-json\/wp\/v2\/users\/1"}],"replies":[{"embeddable":true,"href":"https:\/\/situacioncritica.es\/blog\/wp-json\/wp\/v2\/comments?post=6019"}],"version-history":[{"count":22,"href":"https:\/\/situacioncritica.es\/blog\/wp-json\/wp\/v2\/posts\/6019\/revisions"}],"predecessor-version":[{"id":6042,"href":"https:\/\/situacioncritica.es\/blog\/wp-json\/wp\/v2\/posts\/6019\/revisions\/6042"}],"wp:featuredmedia":[{"embeddable":true,"href":"https:\/\/situacioncritica.es\/blog\/wp-json\/wp\/v2\/media\/6020"}],"wp:attachment":[{"href":"https:\/\/situacioncritica.es\/blog\/wp-json\/wp\/v2\/media?parent=6019"}],"wp:term":[{"taxonomy":"category","embeddable":true,"href":"https:\/\/situacioncritica.es\/blog\/wp-json\/wp\/v2\/categories?post=6019"},{"taxonomy":"post_tag","embeddable":true,"href":"https:\/\/situacioncritica.es\/blog\/wp-json\/wp\/v2\/tags?post=6019"}],"curies":[{"name":"wp","href":"https:\/\/api.w.org\/{rel}","templated":true}]}}