{"id":4065,"date":"2020-09-12T20:16:35","date_gmt":"2020-09-12T18:16:35","guid":{"rendered":"https:\/\/situacioncritica.es\/blog\/?p=4065"},"modified":"2020-09-12T20:16:40","modified_gmt":"2020-09-12T18:16:40","slug":"un-brocoli-es-un-arbol-en-miniatura","status":"publish","type":"post","link":"https:\/\/situacioncritica.es\/blog\/un-brocoli-es-un-arbol-en-miniatura\/","title":{"rendered":"Un br\u00f3coli es un \u00e1rbol en miniatura"},"content":{"rendered":"\n<p><strong>\u7530\u4e2d \u9054\u4e5f<\/strong> \/ <a href=\"https:\/\/miniature-calendar.com\/about\/\" target=\"_blank\" rel=\"noreferrer noopener\">Tatsuya Tanaka<\/a> es un artista de la miniatura y fot\u00f3grafo. Nacido en la Prefectura de Kumamoto, Jap\u00f3n, en 1981, en 2011 comenz\u00f3 a crear \u00ab<a href=\"https:\/\/miniature-calendar.com\" target=\"_blank\" rel=\"noreferrer noopener\">MINIATURE CALENDAR<\/a>\u00ab, un proyecto fotogr\u00e1fico en el que retrata escenas cotidianas en forma de miniatura con objetos alternativos que recrean diversos elementos, como \u00e1rboles con br\u00f3coli o mascarillas como olas de un playa. Desde entonces ha estado diariamente creando y subiendo fotograf\u00edas y v\u00eddeos en diversas redes, como <a href=\"https:\/\/www.instagram.com\/tanaka_tatsuya\/?hl=es\" target=\"_blank\" rel=\"noreferrer noopener\">Instagram<\/a>. Pero es en su web donde puedes ver las fotograf\u00edas dentro de un calendario donde va a\u00f1adiendo d\u00eda a d\u00eda una nueva. <\/p>\n\n\n\n<blockquote class=\"wp-block-quote is-layout-flow wp-block-quote-is-layout-flow\"><p>El br\u00f3coli y el perejil a veces pueden parecer un bosque de \u00e1rboles, y las hojas de los \u00e1rboles que flotan en la superficie del agua a veces pueden parecer peque\u00f1os botes. Los sucesos cotidianos vistos desde una perspectiva en miniatura pueden traernos muchos pensamientos divertidos.<\/p><cite>Tatsuya Tanaka<\/cite><\/blockquote>\n\n\n\n<p>Su trabajo es meticuloso, muy japon\u00e9s, y divertido. Se te queda la sonrisa en la cara, y el asombro, al descubrir como una serie de peines alienados puede darnos la sensaci\u00f3n de estar contemplando un atardecer en una playa:<\/p>\n\n\n\n<figure class=\"wp-block-image alignfull size-large\"><img loading=\"lazy\" decoding=\"async\" width=\"1024\" height=\"1024\" src=\"https:\/\/situacioncritica.es\/blog\/wp-content\/uploads\/2020\/09\/200904fri-1024x1024.jpg\" alt=\"\" class=\"wp-image-4070\" srcset=\"https:\/\/situacioncritica.es\/blog\/wp-content\/uploads\/2020\/09\/200904fri-1024x1024.jpg 1024w, https:\/\/situacioncritica.es\/blog\/wp-content\/uploads\/2020\/09\/200904fri-500x500.jpg 500w, https:\/\/situacioncritica.es\/blog\/wp-content\/uploads\/2020\/09\/200904fri-300x300.jpg 300w, https:\/\/situacioncritica.es\/blog\/wp-content\/uploads\/2020\/09\/200904fri-768x768.jpg 768w, https:\/\/situacioncritica.es\/blog\/wp-content\/uploads\/2020\/09\/200904fri-1200x1200.jpg 1200w, https:\/\/situacioncritica.es\/blog\/wp-content\/uploads\/2020\/09\/200904fri-600x600.jpg 600w, https:\/\/situacioncritica.es\/blog\/wp-content\/uploads\/2020\/09\/200904fri.jpg 1500w\" sizes=\"auto, (max-width: 1024px) 100vw, 1024px\" \/><\/figure>\n\n\n\n<p>Una lechuga puede recordarnos un paisaje rural:<\/p>\n\n\n\n<figure class=\"wp-block-image alignfull size-large\"><img loading=\"lazy\" decoding=\"async\" width=\"1024\" height=\"1024\" src=\"https:\/\/situacioncritica.es\/blog\/wp-content\/uploads\/2020\/09\/200810mon-1024x1024.jpg\" alt=\"\" class=\"wp-image-4071\" srcset=\"https:\/\/situacioncritica.es\/blog\/wp-content\/uploads\/2020\/09\/200810mon-1024x1024.jpg 1024w, https:\/\/situacioncritica.es\/blog\/wp-content\/uploads\/2020\/09\/200810mon-500x500.jpg 500w, https:\/\/situacioncritica.es\/blog\/wp-content\/uploads\/2020\/09\/200810mon-300x300.jpg 300w, https:\/\/situacioncritica.es\/blog\/wp-content\/uploads\/2020\/09\/200810mon-768x768.jpg 768w, https:\/\/situacioncritica.es\/blog\/wp-content\/uploads\/2020\/09\/200810mon-1200x1200.jpg 1200w, https:\/\/situacioncritica.es\/blog\/wp-content\/uploads\/2020\/09\/200810mon-600x600.jpg 600w, https:\/\/situacioncritica.es\/blog\/wp-content\/uploads\/2020\/09\/200810mon.jpg 1500w\" sizes=\"auto, (max-width: 1024px) 100vw, 1024px\" \/><\/figure>\n\n\n\n<p>Un sacapuntas puede ser un inodoro:<\/p>\n\n\n\n<figure class=\"wp-block-image alignfull size-large\"><img loading=\"lazy\" decoding=\"async\" width=\"1024\" height=\"1024\" src=\"https:\/\/situacioncritica.es\/blog\/wp-content\/uploads\/2020\/09\/200803mon-1024x1024.jpg\" alt=\"\" class=\"wp-image-4072\" srcset=\"https:\/\/situacioncritica.es\/blog\/wp-content\/uploads\/2020\/09\/200803mon-1024x1024.jpg 1024w, https:\/\/situacioncritica.es\/blog\/wp-content\/uploads\/2020\/09\/200803mon-500x500.jpg 500w, https:\/\/situacioncritica.es\/blog\/wp-content\/uploads\/2020\/09\/200803mon-300x300.jpg 300w, https:\/\/situacioncritica.es\/blog\/wp-content\/uploads\/2020\/09\/200803mon-768x768.jpg 768w, https:\/\/situacioncritica.es\/blog\/wp-content\/uploads\/2020\/09\/200803mon-1200x1200.jpg 1200w, https:\/\/situacioncritica.es\/blog\/wp-content\/uploads\/2020\/09\/200803mon-600x600.jpg 600w, https:\/\/situacioncritica.es\/blog\/wp-content\/uploads\/2020\/09\/200803mon.jpg 1500w\" sizes=\"auto, (max-width: 1024px) 100vw, 1024px\" \/><\/figure>\n\n\n\n<p>Una mascarilla es una piscina:<\/p>\n\n\n\n<figure class=\"wp-block-image alignfull size-large\"><img loading=\"lazy\" decoding=\"async\" width=\"1024\" height=\"1024\" src=\"https:\/\/situacioncritica.es\/blog\/wp-content\/uploads\/2020\/09\/200728tue-1024x1024.jpg\" alt=\"\" class=\"wp-image-4073\" srcset=\"https:\/\/situacioncritica.es\/blog\/wp-content\/uploads\/2020\/09\/200728tue-1024x1024.jpg 1024w, https:\/\/situacioncritica.es\/blog\/wp-content\/uploads\/2020\/09\/200728tue-500x500.jpg 500w, https:\/\/situacioncritica.es\/blog\/wp-content\/uploads\/2020\/09\/200728tue-300x300.jpg 300w, https:\/\/situacioncritica.es\/blog\/wp-content\/uploads\/2020\/09\/200728tue-768x768.jpg 768w, https:\/\/situacioncritica.es\/blog\/wp-content\/uploads\/2020\/09\/200728tue-1200x1200.jpg 1200w, https:\/\/situacioncritica.es\/blog\/wp-content\/uploads\/2020\/09\/200728tue-600x600.jpg 600w, https:\/\/situacioncritica.es\/blog\/wp-content\/uploads\/2020\/09\/200728tue.jpg 1500w\" sizes=\"auto, (max-width: 1024px) 100vw, 1024px\" \/><\/figure>\n\n\n\n<p>O unas bolas de helado, un campo de golf complicado:<\/p>\n\n\n\n<figure class=\"wp-block-image alignfull size-large\"><img loading=\"lazy\" decoding=\"async\" width=\"1024\" height=\"1024\" src=\"https:\/\/situacioncritica.es\/blog\/wp-content\/uploads\/2020\/09\/200524sun-1024x1024.jpg\" alt=\"\" class=\"wp-image-4074\" srcset=\"https:\/\/situacioncritica.es\/blog\/wp-content\/uploads\/2020\/09\/200524sun-1024x1024.jpg 1024w, https:\/\/situacioncritica.es\/blog\/wp-content\/uploads\/2020\/09\/200524sun-500x500.jpg 500w, https:\/\/situacioncritica.es\/blog\/wp-content\/uploads\/2020\/09\/200524sun-300x300.jpg 300w, https:\/\/situacioncritica.es\/blog\/wp-content\/uploads\/2020\/09\/200524sun-768x768.jpg 768w, https:\/\/situacioncritica.es\/blog\/wp-content\/uploads\/2020\/09\/200524sun-1200x1200.jpg 1200w, https:\/\/situacioncritica.es\/blog\/wp-content\/uploads\/2020\/09\/200524sun-600x600.jpg 600w, https:\/\/situacioncritica.es\/blog\/wp-content\/uploads\/2020\/09\/200524sun.jpg 1500w\" sizes=\"auto, (max-width: 1024px) 100vw, 1024px\" \/><\/figure>\n\n\n\n<p>Su exposici\u00f3n, \u00ab<a href=\"https:\/\/hakodate-kanemori.com\/event\/20200601-2238\" target=\"_blank\" rel=\"noreferrer noopener\">MINIATURE LIFE Exhibition: El mundo de las semejanzas de Tatsuya Tanaka<\/a>\u00ab, que se exhibe tanto a nivel nacional como internacional, lleva m\u00e1s de 1.000.000 de visitantes (hasta noviembre de 2019). <\/p>\n\n\n\n<p>Tatsuya Tanaka tambi\u00e9n ha creado obras para terceros, como la secuencia del t\u00edtulos para la serie de televisi\u00f3n de NHK, <a href=\"https:\/\/www.nhk.or.jp\/hiyokko\/hiyokko2\/special\/special3\/\" target=\"_blank\" rel=\"noreferrer noopener\">Hiyokko<\/a>, en 2017, y la <a href=\"https:\/\/www.youtube.com\/watch?v=m1gb02ckHQc\" target=\"_blank\" rel=\"noreferrer noopener\">pel\u00edcula utilizada para la apertura<\/a> de los grandes almacenes Nihonbashi Takashimaya S.C. <\/p>\n\n\n\n<figure class=\"wp-block-embed-youtube alignfull wp-block-embed is-type-video is-provider-youtube wp-embed-aspect-16-9 wp-has-aspect-ratio\"><div class=\"wp-block-embed__wrapper\">\n<iframe loading=\"lazy\" title=\"MINIATURE CALENDAR by Tatsuya Tanaka\" width=\"652\" height=\"367\" src=\"https:\/\/www.youtube.com\/embed\/wJdjVKgbI5U?feature=oembed\" frameborder=\"0\" allow=\"accelerometer; autoplay; clipboard-write; encrypted-media; gyroscope; picture-in-picture; web-share\" referrerpolicy=\"strict-origin-when-cross-origin\" allowfullscreen><\/iframe>\n<\/div><\/figure>\n\n\n\n<p>Las publicaciones, adem\u00e1s de sus calendarios, donde puedes encontrar sus fotograf\u00edas son \u00ab<a href=\"https:\/\/www.amazon.co.jp\/dp\/4880653284\/\" target=\"_blank\" rel=\"noreferrer noopener\">MINIATURE LIFE<\/a>\u00ab, \u00ab<a href=\"https:\/\/www.amazon.co.jp\/dp\/4880653810\/\" target=\"_blank\" rel=\"noreferrer noopener\">MINIATURE LIFE 2<\/a>\u00ab, \u00ab<a href=\"https:\/\/www.amazon.co.jp\/dp\/4865050779\/\" target=\"_blank\" rel=\"noreferrer noopener\">Small Wonders<\/a>\u00ab, y \u00ab<a href=\"https:\/\/www.amazon.co.jp\/dp\/409682318X\" target=\"_blank\" rel=\"noreferrer noopener\">MINIATURE TRIP IN JAPAN<\/a>\u00ab. Ya est\u00e1 disponible el <a href=\"https:\/\/www.ebay.es\/itm\/MINIATURE-LIFE-CALENDAR-2021-Tatsuya-Tanaka-wall-mounted-weekly-calendar-A4-JP\/324292874672?hash=item4b815c91b0:g:A28AAOSwNqBfXFqg\" target=\"_blank\" rel=\"noreferrer noopener\">calendario para 2021<\/a> del autor.<\/p>\n\n\n\n<p>En su canal de <a href=\"https:\/\/www.youtube.com\/channel\/UCjYmWJsH1NBaAD_Tzc270PA\" target=\"_blank\" rel=\"noreferrer noopener\">YouTube<\/a>, adem\u00e1s de en su Instagram y en su web, puedes ver el proceso de creaci\u00f3n de las escenas miniaturizadas que lleva a sus singulares fotograf\u00edas.<\/p>\n\n\n\n<pre class=\"wp-block-verse\">Todas las im\u00e1genes son propiedad de <a href=\"https:\/\/miniature-calendar.com\/about\/\" target=\"_blank\" rel=\"noreferrer noopener\">Tatsuya Tanaka<\/a>.<\/pre>\n","protected":false},"excerpt":{"rendered":"<p>El br\u00f3coli a veces puede parecer un  \u00e1rbol, y las hojas de los \u00e1rboles que flotan en la superficie del agua a veces pueden parecer peque\u00f1os botes. Los sucesos cotidianos vistos desde una perspectiva en miniatura pueden traernos muchos pensamientos divertidos. Eso es lo que fotograf\u00eda Tatsuya Tanaka creando im\u00e1genes singulares.<\/p>\n","protected":false},"author":1,"featured_media":4075,"comment_status":"closed","ping_status":"closed","sticky":false,"template":"","format":"standard","meta":{"_seopress_robots_primary_cat":"","_seopress_titles_title":"","_seopress_titles_desc":"","_seopress_robots_index":"","jetpack_post_was_ever_published":false,"_jetpack_newsletter_access":"","_jetpack_dont_email_post_to_subs":false,"_jetpack_newsletter_tier_id":0,"_jetpack_memberships_contains_paywalled_content":false,"_jetpack_memberships_contains_paid_content":false,"footnotes":""},"categories":[22],"tags":[663,311,113,662,617],"class_list":["post-4065","post","type-post","status-publish","format-standard","has-post-thumbnail","hentry","category-creatividad","tag-arte","tag-fotografia","tag-japon","tag-minaturas","tag-vida"],"jetpack_featured_media_url":"https:\/\/situacioncritica.es\/blog\/wp-content\/uploads\/2020\/09\/200620sat1.jpg","jetpack-related-posts":[{"id":4980,"url":"https:\/\/situacioncritica.es\/blog\/el-clickbait-en-youtube-es-ya-tan-abusivo-que-hasta-hay-una-extension-para-minimizarlo\/","url_meta":{"origin":4065,"position":0},"title":"El clickbait en YouTube es ya tan abusivo, que hasta hay una extensi\u00f3n para minimizarlo","author":"Sethbastian","date":"23 de septiembre de 2023","format":false,"excerpt":"DeArrow es una extensi\u00f3n de navegador para mejorar los t\u00edtulos y miniaturas de YouTube. El objetivo es que los t\u00edtulos sean precisos y reducir el sensacionalismo de las miniaturas.","rel":"","context":"En \u00abTecnolog\u00eda\u00bb","block_context":{"text":"Tecnolog\u00eda","link":"https:\/\/situacioncritica.es\/blog\/tecnologia\/"},"img":{"alt_text":"","src":"https:\/\/i0.wp.com\/situacioncritica.es\/blog\/wp-content\/uploads\/2023\/06\/sander-sammy.jpg?resize=350%2C200&ssl=1","width":350,"height":200,"srcset":"https:\/\/i0.wp.com\/situacioncritica.es\/blog\/wp-content\/uploads\/2023\/06\/sander-sammy.jpg?resize=350%2C200&ssl=1 1x, https:\/\/i0.wp.com\/situacioncritica.es\/blog\/wp-content\/uploads\/2023\/06\/sander-sammy.jpg?resize=525%2C300&ssl=1 1.5x, https:\/\/i0.wp.com\/situacioncritica.es\/blog\/wp-content\/uploads\/2023\/06\/sander-sammy.jpg?resize=700%2C400&ssl=1 2x, https:\/\/i0.wp.com\/situacioncritica.es\/blog\/wp-content\/uploads\/2023\/06\/sander-sammy.jpg?resize=1050%2C600&ssl=1 3x"},"classes":[]},{"id":4806,"url":"https:\/\/situacioncritica.es\/blog\/japon-1908\/","url_meta":{"origin":4065,"position":1},"title":"Jap\u00f3n, 1908","author":"Sethbastian","date":"24 de marzo de 2023","format":false,"excerpt":"La vida cotidiana, casi id\u00edlica, en el Jap\u00f3n del periodo Meiji, antes de la destrucci\u00f3n que llegar\u00eda pronto.","rel":"","context":"En \u00abCreatividad\u00bb","block_context":{"text":"Creatividad","link":"https:\/\/situacioncritica.es\/blog\/creatividad\/"},"img":{"alt_text":"","src":"https:\/\/i0.wp.com\/situacioncritica.es\/blog\/wp-content\/uploads\/2023\/03\/Japon1908-fotografia-oldskull-10.jpg?resize=350%2C200&ssl=1","width":350,"height":200,"srcset":"https:\/\/i0.wp.com\/situacioncritica.es\/blog\/wp-content\/uploads\/2023\/03\/Japon1908-fotografia-oldskull-10.jpg?resize=350%2C200&ssl=1 1x, https:\/\/i0.wp.com\/situacioncritica.es\/blog\/wp-content\/uploads\/2023\/03\/Japon1908-fotografia-oldskull-10.jpg?resize=525%2C300&ssl=1 1.5x, https:\/\/i0.wp.com\/situacioncritica.es\/blog\/wp-content\/uploads\/2023\/03\/Japon1908-fotografia-oldskull-10.jpg?resize=700%2C400&ssl=1 2x"},"classes":[]},{"id":3191,"url":"https:\/\/situacioncritica.es\/blog\/realidad-versus-edicion-fotografica\/","url_meta":{"origin":4065,"position":2},"title":"Realidad versus edici\u00f3n fotogr\u00e1fica","author":"Sethbastian","date":"1 de diciembre de 2018","format":false,"excerpt":"El fot\u00f3grafo brasile\u00f1o Gilmar Silva nos descubre en su divertido proyecto en Instagram la realidad detr\u00e1s de sus fotograf\u00edas","rel":"","context":"En \u00abCreatividad\u00bb","block_context":{"text":"Creatividad","link":"https:\/\/situacioncritica.es\/blog\/creatividad\/"},"img":{"alt_text":"","src":"https:\/\/i0.wp.com\/situacioncritica.es\/blog\/wp-content\/uploads\/2018\/11\/GilmarSilva.jpg?resize=350%2C200&ssl=1","width":350,"height":200,"srcset":"https:\/\/i0.wp.com\/situacioncritica.es\/blog\/wp-content\/uploads\/2018\/11\/GilmarSilva.jpg?resize=350%2C200&ssl=1 1x, https:\/\/i0.wp.com\/situacioncritica.es\/blog\/wp-content\/uploads\/2018\/11\/GilmarSilva.jpg?resize=525%2C300&ssl=1 1.5x, https:\/\/i0.wp.com\/situacioncritica.es\/blog\/wp-content\/uploads\/2018\/11\/GilmarSilva.jpg?resize=700%2C400&ssl=1 2x"},"classes":[]},{"id":3917,"url":"https:\/\/situacioncritica.es\/blog\/combinis-corea\/","url_meta":{"origin":4065,"position":3},"title":"Peque\u00f1as tiendas con encanto de Corea del Sur","author":"Sethbastian","date":"1 de agosto de 2020","format":false,"excerpt":"Me Kyeoung Lee ha pasado las \u00faltimas dos d\u00e9cadas dibujando al detalle las peque\u00f1as tiendas de conveniencia que salpican las calles de Corea del Sur.","rel":"","context":"En \u00abCreatividad\u00bb","block_context":{"text":"Creatividad","link":"https:\/\/situacioncritica.es\/blog\/creatividad\/"},"img":{"alt_text":"","src":"https:\/\/i0.wp.com\/situacioncritica.es\/blog\/wp-content\/uploads\/2020\/08\/me-kyeoung-5.jpg?resize=350%2C200&ssl=1","width":350,"height":200,"srcset":"https:\/\/i0.wp.com\/situacioncritica.es\/blog\/wp-content\/uploads\/2020\/08\/me-kyeoung-5.jpg?resize=350%2C200&ssl=1 1x, https:\/\/i0.wp.com\/situacioncritica.es\/blog\/wp-content\/uploads\/2020\/08\/me-kyeoung-5.jpg?resize=525%2C300&ssl=1 1.5x, https:\/\/i0.wp.com\/situacioncritica.es\/blog\/wp-content\/uploads\/2020\/08\/me-kyeoung-5.jpg?resize=700%2C400&ssl=1 2x, https:\/\/i0.wp.com\/situacioncritica.es\/blog\/wp-content\/uploads\/2020\/08\/me-kyeoung-5.jpg?resize=1050%2C600&ssl=1 3x"},"classes":[]},{"id":4739,"url":"https:\/\/situacioncritica.es\/blog\/la-belleza-del-mar\/","url_meta":{"origin":4065,"position":4},"title":"La belleza del mar","author":"Sethbastian","date":"15 de noviembre de 2022","format":false,"excerpt":"Ray Collins nos demuestra como una mala experiencia, un accidente, puede llevarte a nuevos caminos, como la fotograf\u00eda.","rel":"","context":"En \u00abCreatividad\u00bb","block_context":{"text":"Creatividad","link":"https:\/\/situacioncritica.es\/blog\/creatividad\/"},"img":{"alt_text":"","src":"https:\/\/i0.wp.com\/situacioncritica.es\/blog\/wp-content\/uploads\/2022\/11\/blue_tongue.jpg?resize=350%2C200&ssl=1","width":350,"height":200,"srcset":"https:\/\/i0.wp.com\/situacioncritica.es\/blog\/wp-content\/uploads\/2022\/11\/blue_tongue.jpg?resize=350%2C200&ssl=1 1x, https:\/\/i0.wp.com\/situacioncritica.es\/blog\/wp-content\/uploads\/2022\/11\/blue_tongue.jpg?resize=525%2C300&ssl=1 1.5x, https:\/\/i0.wp.com\/situacioncritica.es\/blog\/wp-content\/uploads\/2022\/11\/blue_tongue.jpg?resize=700%2C400&ssl=1 2x"},"classes":[]},{"id":2920,"url":"https:\/\/situacioncritica.es\/blog\/dove-sigue-con-su-estegia-de-marca\/","url_meta":{"origin":4065,"position":5},"title":"Dove a\u00f1ade una marca de agua a su publicidad para recordar a sus clientes que no altera las im\u00e1genes","author":"Sethbastian","date":"10 de julio de 2018","format":false,"excerpt":"Dove fue una pionera en posicionar su marca aline\u00e1ndose con la tendencia social a ensalzar la belleza real en detrimento de una belleza Barbie. Ahora crea una marca de agua para su publicidad para seguir posicionandose como el palad\u00edn de la causa.","rel":"","context":"En \u00abCreatividad\u00bb","block_context":{"text":"Creatividad","link":"https:\/\/situacioncritica.es\/blog\/creatividad\/"},"img":{"alt_text":"","src":"https:\/\/i0.wp.com\/situacioncritica.es\/blog\/wp-content\/uploads\/2018\/07\/dove2.jpg?resize=350%2C200&ssl=1","width":350,"height":200,"srcset":"https:\/\/i0.wp.com\/situacioncritica.es\/blog\/wp-content\/uploads\/2018\/07\/dove2.jpg?resize=350%2C200&ssl=1 1x, https:\/\/i0.wp.com\/situacioncritica.es\/blog\/wp-content\/uploads\/2018\/07\/dove2.jpg?resize=525%2C300&ssl=1 1.5x, https:\/\/i0.wp.com\/situacioncritica.es\/blog\/wp-content\/uploads\/2018\/07\/dove2.jpg?resize=700%2C400&ssl=1 2x"},"classes":[]}],"jetpack_sharing_enabled":true,"_links":{"self":[{"href":"https:\/\/situacioncritica.es\/blog\/wp-json\/wp\/v2\/posts\/4065","targetHints":{"allow":["GET"]}}],"collection":[{"href":"https:\/\/situacioncritica.es\/blog\/wp-json\/wp\/v2\/posts"}],"about":[{"href":"https:\/\/situacioncritica.es\/blog\/wp-json\/wp\/v2\/types\/post"}],"author":[{"embeddable":true,"href":"https:\/\/situacioncritica.es\/blog\/wp-json\/wp\/v2\/users\/1"}],"replies":[{"embeddable":true,"href":"https:\/\/situacioncritica.es\/blog\/wp-json\/wp\/v2\/comments?post=4065"}],"version-history":[{"count":5,"href":"https:\/\/situacioncritica.es\/blog\/wp-json\/wp\/v2\/posts\/4065\/revisions"}],"predecessor-version":[{"id":4077,"href":"https:\/\/situacioncritica.es\/blog\/wp-json\/wp\/v2\/posts\/4065\/revisions\/4077"}],"wp:featuredmedia":[{"embeddable":true,"href":"https:\/\/situacioncritica.es\/blog\/wp-json\/wp\/v2\/media\/4075"}],"wp:attachment":[{"href":"https:\/\/situacioncritica.es\/blog\/wp-json\/wp\/v2\/media?parent=4065"}],"wp:term":[{"taxonomy":"category","embeddable":true,"href":"https:\/\/situacioncritica.es\/blog\/wp-json\/wp\/v2\/categories?post=4065"},{"taxonomy":"post_tag","embeddable":true,"href":"https:\/\/situacioncritica.es\/blog\/wp-json\/wp\/v2\/tags?post=4065"}],"curies":[{"name":"wp","href":"https:\/\/api.w.org\/{rel}","templated":true}]}}