{"id":2724,"date":"2018-06-25T11:05:18","date_gmt":"2018-06-25T09:05:18","guid":{"rendered":"https:\/\/situacioncritica.es\/blog\/?p=2724"},"modified":"2020-07-29T08:35:49","modified_gmt":"2020-07-29T06:35:49","slug":"totana-la-alfareria-siempre-esta-de-moda","status":"publish","type":"post","link":"https:\/\/situacioncritica.es\/blog\/totana-la-alfareria-siempre-esta-de-moda\/","title":{"rendered":"Totana: La alfarer\u00eda siempre est\u00e1 de moda"},"content":{"rendered":"<div id='gallery-1' class='gallery galleryid-2724 gallery-columns-4 gallery-size-thumbnail'><figure class='gallery-item'>\n\t\t\t<div class='gallery-icon landscape'>\n\t\t\t\t<a href='https:\/\/situacioncritica.es\/blog\/wp-content\/uploads\/2018\/06\/POTT-NAIS-3.jpg'><img loading=\"lazy\" decoding=\"async\" width=\"300\" height=\"300\" src=\"https:\/\/situacioncritica.es\/blog\/wp-content\/uploads\/2018\/06\/POTT-NAIS-3-300x300.jpg\" class=\"attachment-thumbnail size-thumbnail\" alt=\"\" \/><\/a>\n\t\t\t<\/div><\/figure><figure class='gallery-item'>\n\t\t\t<div class='gallery-icon landscape'>\n\t\t\t\t<a href='https:\/\/situacioncritica.es\/blog\/wp-content\/uploads\/2018\/06\/POTTCANDELA.jpg'><img loading=\"lazy\" decoding=\"async\" width=\"300\" height=\"300\" src=\"https:\/\/situacioncritica.es\/blog\/wp-content\/uploads\/2018\/06\/POTTCANDELA-300x300.jpg\" class=\"attachment-thumbnail size-thumbnail\" alt=\"\" \/><\/a>\n\t\t\t<\/div><\/figure><figure class='gallery-item'>\n\t\t\t<div class='gallery-icon landscape'>\n\t\t\t\t<a href='https:\/\/situacioncritica.es\/blog\/wp-content\/uploads\/2018\/06\/POTT-SPONGE-00.jpg'><img loading=\"lazy\" decoding=\"async\" width=\"300\" height=\"300\" src=\"https:\/\/situacioncritica.es\/blog\/wp-content\/uploads\/2018\/06\/POTT-SPONGE-00-300x300.jpg\" class=\"attachment-thumbnail size-thumbnail\" alt=\"\" \/><\/a>\n\t\t\t<\/div><\/figure><figure class='gallery-item'>\n\t\t\t<div class='gallery-icon landscape'>\n\t\t\t\t<a href='https:\/\/situacioncritica.es\/blog\/wp-content\/uploads\/2018\/06\/POTT-SPONGE.jpg'><img loading=\"lazy\" decoding=\"async\" width=\"300\" height=\"300\" src=\"https:\/\/situacioncritica.es\/blog\/wp-content\/uploads\/2018\/06\/POTT-SPONGE-300x300.jpg\" class=\"attachment-thumbnail size-thumbnail\" alt=\"\" \/><\/a>\n\t\t\t<\/div><\/figure>\n\t\t<\/div>\n\n<p class=\"noticias\">La firma aprovech\u00f3 la Barcelona Design Week 2018 (del 5 al 14 de junio) para celebrar sus cinco a\u00f1os de vida con la presentaci\u00f3n de una instalaci\u00f3n art\u00edstica firmada por Luis Eslava.<\/p>\n<p class=\"noticias\"><a href=\"https:\/\/situacioncritica.es\/blog\/wp-content\/uploads\/2018\/06\/POTT-FLAME.jpg\"><img loading=\"lazy\" decoding=\"async\" class=\"alignleft size-thumbnail wp-image-2727\" src=\"https:\/\/situacioncritica.es\/blog\/wp-content\/uploads\/2018\/06\/POTT-FLAME-300x300.jpg\" alt=\"\" width=\"300\" height=\"300\" \/><\/a>Bajo el lema \u201cMade from the ground\u201d la instalaci\u00f3n exhib\u00eda todas las colecciones de POTT, dise\u00f1adas por Miguel \u00c1ngel Garc\u00eda, Isaac Pi\u00f1eiro y Luis Eslava, as\u00ed como el trabajo del fot\u00f3grafo franc\u00e9s Fred Guillaud, que ha retratado con su c\u00e1mara anal\u00f3gica el entorno productivo de Totana en torno a la materia prima que dota de identidad a la firma: el barro cocido.<\/p>\n<p>M\u00e1s info en:<br \/>\n<span class=\"linksempresa\"><a href=\"http:\/\/www.potteryproject.com\" target=\"_blank\" rel=\"nofollow noopener noreferrer\">www.potteryproject.com<\/a><\/span><\/p>\n","protected":false},"excerpt":{"rendered":"<p>En la localidad murciana de Totana, POTT the Pottery Project lleva 5 a\u00f1os en el desarrollo de la artesan\u00eda alfarera, con unas llamativas piezas que a\u00fanan t\u00e9cnicas de fabricaci\u00f3n a mano y saber artesanal, con creatividad y dise\u00f1o.<\/p>\n","protected":false},"author":1,"featured_media":2725,"comment_status":"open","ping_status":"open","sticky":false,"template":"","format":"standard","meta":{"_seopress_robots_primary_cat":"","_seopress_titles_title":"","_seopress_titles_desc":"","_seopress_robots_index":"","jetpack_post_was_ever_published":false,"_jetpack_newsletter_access":"","_jetpack_dont_email_post_to_subs":false,"_jetpack_newsletter_tier_id":0,"_jetpack_memberships_contains_paywalled_content":false,"_jetpack_memberships_contains_paid_content":false,"footnotes":""},"categories":[22],"tags":[392,391,390,395,396,394,393,397],"class_list":["post-2724","post","type-post","status-publish","format-standard","has-post-thumbnail","hentry","category-creatividad","tag-alfareria","tag-artesania","tag-barro","tag-isaac-pineiro","tag-luis-eslava","tag-miguel-angel-garcia","tag-murcia","tag-pott"],"jetpack_featured_media_url":"https:\/\/situacioncritica.es\/blog\/wp-content\/uploads\/2018\/06\/POTT-SPONGE.jpg","jetpack-related-posts":[{"id":1572,"url":"https:\/\/situacioncritica.es\/blog\/un-magnifico-salero-que-mezcla-artesania-con-un-diseno-moderno\/","url_meta":{"origin":2724,"position":0},"title":"Un magn\u00edfico Salero que mezcla artesan\u00eda con un dise\u00f1o moderno","author":"Sethbastian","date":"5 de enero de 2014","format":false,"excerpt":"El dise\u00f1ador austr\u00edaco Thomas Feichtner se inspira en una escultura del siglo XVI para crear un producto que celebra estar en contacto con los alimentos. La artesan\u00eda parece que ha encontrado una nueva vida gracias a una nueva serie de dise\u00f1adores que disfrutan usando sus manos para crear. Entre los\u2026","rel":"","context":"En \u00abCreatividad\u00bb","block_context":{"text":"Creatividad","link":"https:\/\/situacioncritica.es\/blog\/creatividad\/"},"img":{"alt_text":"","src":"https:\/\/i0.wp.com\/situacioncritica.es\/blog\/wp-content\/uploads\/2018\/06\/3020799-slide-saliera-6-300rgb.jpg?resize=350%2C200&ssl=1","width":350,"height":200,"srcset":"https:\/\/i0.wp.com\/situacioncritica.es\/blog\/wp-content\/uploads\/2018\/06\/3020799-slide-saliera-6-300rgb.jpg?resize=350%2C200&ssl=1 1x, https:\/\/i0.wp.com\/situacioncritica.es\/blog\/wp-content\/uploads\/2018\/06\/3020799-slide-saliera-6-300rgb.jpg?resize=525%2C300&ssl=1 1.5x, https:\/\/i0.wp.com\/situacioncritica.es\/blog\/wp-content\/uploads\/2018\/06\/3020799-slide-saliera-6-300rgb.jpg?resize=700%2C400&ssl=1 2x"},"classes":[]},{"id":3983,"url":"https:\/\/situacioncritica.es\/blog\/romney-vs-trump\/","url_meta":{"origin":2724,"position":1},"title":"5% de la poblaci\u00f3n mundial, 25% de las muertes por COVID-19","author":"Sethbastian","date":"16 de agosto de 2020","format":false,"excerpt":"\u201cI think it\u2019s fair to say we really have not distinguished ourselves in a positive way by how we responded to the crisis when it was upon us. And the proof of the pudding of that is simply that we have 5 percent of the world\u2019s population but 25 percent\u2026","rel":"","context":"En \u00abSociedad\u00bb","block_context":{"text":"Sociedad","link":"https:\/\/situacioncritica.es\/blog\/sociedad\/"},"img":{"alt_text":"","src":"https:\/\/i0.wp.com\/situacioncritica.es\/blog\/wp-content\/uploads\/2020\/08\/mitt.jpg?resize=350%2C200&ssl=1","width":350,"height":200,"srcset":"https:\/\/i0.wp.com\/situacioncritica.es\/blog\/wp-content\/uploads\/2020\/08\/mitt.jpg?resize=350%2C200&ssl=1 1x, https:\/\/i0.wp.com\/situacioncritica.es\/blog\/wp-content\/uploads\/2020\/08\/mitt.jpg?resize=525%2C300&ssl=1 1.5x, https:\/\/i0.wp.com\/situacioncritica.es\/blog\/wp-content\/uploads\/2020\/08\/mitt.jpg?resize=700%2C400&ssl=1 2x, https:\/\/i0.wp.com\/situacioncritica.es\/blog\/wp-content\/uploads\/2020\/08\/mitt.jpg?resize=1050%2C600&ssl=1 3x"},"classes":[]},{"id":792,"url":"https:\/\/situacioncritica.es\/blog\/be-stupid\/","url_meta":{"origin":2724,"position":2},"title":"Be stupid","author":"Sethbastian","date":"18 de enero de 2010","format":"image","excerpt":"La agencia londinense Anomaly ha confeccionado la nueva campa\u00f1a gr\u00e1fica de la firma de moda Diesel. Rompedora, fiel a la l\u00ednea de la marca, esta vez huye de los t\u00f3picos sexuales para apostar por la complicidad con la juventud. Con un slogan -BE STUPID- de una gran fuerza sonora que\u2026","rel":"","context":"En \u00abCreatividad\u00bb","block_context":{"text":"Creatividad","link":"https:\/\/situacioncritica.es\/blog\/creatividad\/"},"img":{"alt_text":"","src":"https:\/\/i0.wp.com\/situacioncritica.es\/blog\/wp-content\/uploads\/2010\/01\/diesel37.jpg?resize=350%2C200&ssl=1","width":350,"height":200,"srcset":"https:\/\/i0.wp.com\/situacioncritica.es\/blog\/wp-content\/uploads\/2010\/01\/diesel37.jpg?resize=350%2C200&ssl=1 1x, https:\/\/i0.wp.com\/situacioncritica.es\/blog\/wp-content\/uploads\/2010\/01\/diesel37.jpg?resize=525%2C300&ssl=1 1.5x, https:\/\/i0.wp.com\/situacioncritica.es\/blog\/wp-content\/uploads\/2010\/01\/diesel37.jpg?resize=700%2C400&ssl=1 2x"},"classes":[]},{"id":3561,"url":"https:\/\/situacioncritica.es\/blog\/maracas-reyes\/","url_meta":{"origin":2724,"position":3},"title":"Maracas &#038; Reyes","author":"Sethbastian","date":"23 de marzo de 2020","format":false,"excerpt":"Dos documentales musicales para alegrar el enclaustramiento y accesibles gratis durante estos d\u00edas.","rel":"","context":"En \u00abCreatividad\u00bb","block_context":{"text":"Creatividad","link":"https:\/\/situacioncritica.es\/blog\/creatividad\/"},"img":{"alt_text":"","src":"https:\/\/i0.wp.com\/situacioncritica.es\/blog\/wp-content\/uploads\/2020\/03\/Sexo-Maracas-y-Chihuahuas.jpg?resize=350%2C200&ssl=1","width":350,"height":200,"srcset":"https:\/\/i0.wp.com\/situacioncritica.es\/blog\/wp-content\/uploads\/2020\/03\/Sexo-Maracas-y-Chihuahuas.jpg?resize=350%2C200&ssl=1 1x, https:\/\/i0.wp.com\/situacioncritica.es\/blog\/wp-content\/uploads\/2020\/03\/Sexo-Maracas-y-Chihuahuas.jpg?resize=525%2C300&ssl=1 1.5x, https:\/\/i0.wp.com\/situacioncritica.es\/blog\/wp-content\/uploads\/2020\/03\/Sexo-Maracas-y-Chihuahuas.jpg?resize=700%2C400&ssl=1 2x"},"classes":[]},{"id":5567,"url":"https:\/\/situacioncritica.es\/blog\/la-ia-no-funciona\/","url_meta":{"origin":2724,"position":4},"title":"No, no debes usar la IA para crear textos en tu trabajo","author":"Sethbastian","date":"2 de septiembre de 2024","format":false,"excerpt":"Para los vendehumos que auguran que la IA sustituir\u00e1 a ciertos trabajos creativos, aqu\u00ed va una peque\u00f1a dosis de dura realidad.","rel":"","context":"En \u00abCreatividad\u00bb","block_context":{"text":"Creatividad","link":"https:\/\/situacioncritica.es\/blog\/creatividad\/"},"img":{"alt_text":"","src":"https:\/\/i0.wp.com\/situacioncritica.es\/blog\/wp-content\/uploads\/2024\/08\/fabian-gieske-pcXb7MobWvk-unsplash.jpeg?resize=350%2C200&ssl=1","width":350,"height":200,"srcset":"https:\/\/i0.wp.com\/situacioncritica.es\/blog\/wp-content\/uploads\/2024\/08\/fabian-gieske-pcXb7MobWvk-unsplash.jpeg?resize=350%2C200&ssl=1 1x, https:\/\/i0.wp.com\/situacioncritica.es\/blog\/wp-content\/uploads\/2024\/08\/fabian-gieske-pcXb7MobWvk-unsplash.jpeg?resize=525%2C300&ssl=1 1.5x, https:\/\/i0.wp.com\/situacioncritica.es\/blog\/wp-content\/uploads\/2024\/08\/fabian-gieske-pcXb7MobWvk-unsplash.jpeg?resize=700%2C400&ssl=1 2x, https:\/\/i0.wp.com\/situacioncritica.es\/blog\/wp-content\/uploads\/2024\/08\/fabian-gieske-pcXb7MobWvk-unsplash.jpeg?resize=1050%2C600&ssl=1 3x"},"classes":[]},{"id":3071,"url":"https:\/\/situacioncritica.es\/blog\/la-primera-guerra-mundial-y-el-cambio-horario\/","url_meta":{"origin":2724,"position":5},"title":"\u00bfQu\u00e9 relaci\u00f3n tiene la Primera Guerra Mundial con el cambio horario de primavera?","author":"Sethbastian","date":"11 de noviembre de 2018","format":false,"excerpt":"11 de noviembre, 100 a\u00f1os del fin de la Primera Guerra Mundial. Repasamos aqu\u00ed unas cuantas curiosidades que dej\u00f3 la Gran Guerra","rel":"","context":"En \u00abSociedad\u00bb","block_context":{"text":"Sociedad","link":"https:\/\/situacioncritica.es\/blog\/sociedad\/"},"img":{"alt_text":"","src":"https:\/\/i0.wp.com\/situacioncritica.es\/blog\/wp-content\/uploads\/2018\/11\/icons8-team-643498-unsplash.jpg?resize=350%2C200&ssl=1","width":350,"height":200,"srcset":"https:\/\/i0.wp.com\/situacioncritica.es\/blog\/wp-content\/uploads\/2018\/11\/icons8-team-643498-unsplash.jpg?resize=350%2C200&ssl=1 1x, https:\/\/i0.wp.com\/situacioncritica.es\/blog\/wp-content\/uploads\/2018\/11\/icons8-team-643498-unsplash.jpg?resize=525%2C300&ssl=1 1.5x, https:\/\/i0.wp.com\/situacioncritica.es\/blog\/wp-content\/uploads\/2018\/11\/icons8-team-643498-unsplash.jpg?resize=700%2C400&ssl=1 2x, https:\/\/i0.wp.com\/situacioncritica.es\/blog\/wp-content\/uploads\/2018\/11\/icons8-team-643498-unsplash.jpg?resize=1050%2C600&ssl=1 3x"},"classes":[]}],"jetpack_sharing_enabled":true,"_links":{"self":[{"href":"https:\/\/situacioncritica.es\/blog\/wp-json\/wp\/v2\/posts\/2724","targetHints":{"allow":["GET"]}}],"collection":[{"href":"https:\/\/situacioncritica.es\/blog\/wp-json\/wp\/v2\/posts"}],"about":[{"href":"https:\/\/situacioncritica.es\/blog\/wp-json\/wp\/v2\/types\/post"}],"author":[{"embeddable":true,"href":"https:\/\/situacioncritica.es\/blog\/wp-json\/wp\/v2\/users\/1"}],"replies":[{"embeddable":true,"href":"https:\/\/situacioncritica.es\/blog\/wp-json\/wp\/v2\/comments?post=2724"}],"version-history":[{"count":4,"href":"https:\/\/situacioncritica.es\/blog\/wp-json\/wp\/v2\/posts\/2724\/revisions"}],"predecessor-version":[{"id":3792,"href":"https:\/\/situacioncritica.es\/blog\/wp-json\/wp\/v2\/posts\/2724\/revisions\/3792"}],"wp:featuredmedia":[{"embeddable":true,"href":"https:\/\/situacioncritica.es\/blog\/wp-json\/wp\/v2\/media\/2725"}],"wp:attachment":[{"href":"https:\/\/situacioncritica.es\/blog\/wp-json\/wp\/v2\/media?parent=2724"}],"wp:term":[{"taxonomy":"category","embeddable":true,"href":"https:\/\/situacioncritica.es\/blog\/wp-json\/wp\/v2\/categories?post=2724"},{"taxonomy":"post_tag","embeddable":true,"href":"https:\/\/situacioncritica.es\/blog\/wp-json\/wp\/v2\/tags?post=2724"}],"curies":[{"name":"wp","href":"https:\/\/api.w.org\/{rel}","templated":true}]}}